{"id":10001,"date":"2025-08-15T10:30:45","date_gmt":"2025-08-15T16:30:45","guid":{"rendered":"https:\/\/ds.edu.sv\/?p=10001"},"modified":"2025-08-19T09:08:21","modified_gmt":"2025-08-19T15:08:21","slug":"bienvenida-al-kindergarten-el-inicio-de-una-nueva-aventura","status":"publish","type":"post","link":"https:\/\/ds.edu.sv\/de\/bienvenida-al-kindergarten-el-inicio-de-una-nueva-aventura\/","title":{"rendered":"Willkommen im Kindergarten: der Beginn eines neuen Abenteuers"},"content":{"rendered":"<p>In festlicher und freudiger Atmosph\u00e4re hie\u00df die Deutsche Schule San Salvador die neuen Kindergartenkinder willkommen und er\u00f6ffnete damit eine spannende Phase voller Entdeckungen, Lernen und besonderer Momente.<\/p>\n\n\n\n<p>ie Feier begann mit den Worten der Kindergartenkoordinatorin&nbsp;<strong>Solange Lavagnino<\/strong>,die die Freude dar\u00fcber zum Ausdruck brachte,\ndie J\u00fcngsten willkommen zu hei\u00dfen:<\/p>\n\n\n\n<blockquote class=\"wp-block-quote is-layout-flow wp-block-quote-is-layout-flow\">\n<p><em>\u201eHier an der Deutschen Schule beginnt f\u00fcr euch eine Geschichte voller Spiele, Lieder, T\u00e4nze, Schwimmunterricht, Worte in einer neuen Sprache und vieler \u00dcberraschungen. Wir freuen uns, dass ihr Teil unseres Kindergartens seid, wo jeder Tag ein neues Abenteuer sein wird.\u201c<\/em><\/p>\n<\/blockquote>\n\n\n\n<p>m Anschluss stellte sie das p\u00e4dagogische Team vor, das die Kinder durch das Jahr begleiten wird, und hob deren Engagement und F\u00fcrsorge hervor.<\/p>\n\n\n\n<p>Der H\u00f6hepunkt war eine&nbsp;<strong>farbenfrohe Auff\u00fchrung der Vorschulkinder<\/strong>,unter dem Motto&nbsp;<em>Zoolandia<\/em>,sie interpretierten Lieder und T\u00e4nze auf Deutsch und f\u00fcllten die B\u00fchne mit Energie, Farben und einem Meer von L\u00e4cheln. Zwischen Schildkr\u00f6ten, Pinguinen und anderen fr\u00f6hlichen Tieren entstand ein Moment der Begegnung und des Willkommens.<\/p>\n\n\n\n<p>Schlie\u00dflich gingen die neuen Sch\u00fclerinnen und Sch\u00fcler, begleitet von ihren Familien, gemeinsam mit ihren Lehrerinnen in ihre Klassenr\u00e4ume \u2013 und er\u00f6ffneten damit offiziell ihr Abenteuer im Kindergarten.<\/p>\n\n\n\n<p>An der Deutschen Schule San Salvador ist jeder erste Schultag der Beginn einer einzigartigen Geschichte, in der Freude, Freundschaft und Lernen miteinander verbunden sind, um unsere Kinder in ihrem Wachstum zu begleiten.<\/p>\n\n\n\n<figure class=\"wp-block-gallery has-nested-images columns-default is-cropped wp-block-gallery-1 is-layout-flex wp-block-gallery-is-layout-flex\">\n<figure class=\"wp-block-image size-large\"><img fetchpriority=\"high\" decoding=\"async\" width=\"2048\" height=\"1365\" data-id=\"10003\" src=\"https:\/\/ds.edu.sv\/wp-content\/uploads\/2025\/08\/3V6A2318.jpg\" alt=\"\" class=\"wp-image-10003\"\/><\/figure>\n\n\n\n<figure class=\"wp-block-image size-large\"><img decoding=\"async\" width=\"6720\" height=\"4480\" data-id=\"10010\" src=\"https:\/\/ds.edu.sv\/wp-content\/uploads\/2025\/08\/3V6A2452.jpg\" alt=\"\" class=\"wp-image-10010\"\/><\/figure>\n\n\n\n<figure class=\"wp-block-image size-large\"><img decoding=\"async\" width=\"6720\" height=\"4480\" data-id=\"10013\" src=\"https:\/\/ds.edu.sv\/wp-content\/uploads\/2025\/08\/3V6A2484.jpg\" alt=\"\" class=\"wp-image-10013\"\/><\/figure>\n\n\n\n<figure class=\"wp-block-image size-large\"><img loading=\"lazy\" decoding=\"async\" width=\"6720\" height=\"4480\" data-id=\"10011\" src=\"https:\/\/ds.edu.sv\/wp-content\/uploads\/2025\/08\/3V6A2465.jpg\" alt=\"\" class=\"wp-image-10011\"\/><\/figure>\n\n\n\n<figure class=\"wp-block-image size-large\"><img loading=\"lazy\" decoding=\"async\" width=\"6720\" height=\"4480\" data-id=\"10020\" src=\"https:\/\/ds.edu.sv\/wp-content\/uploads\/2025\/08\/3V6A2562.jpg\" alt=\"\" class=\"wp-image-10020\"\/><\/figure>\n\n\n\n<figure class=\"wp-block-image size-large\"><img loading=\"lazy\" decoding=\"async\" width=\"6720\" height=\"4480\" data-id=\"10006\" src=\"https:\/\/ds.edu.sv\/wp-content\/uploads\/2025\/08\/3V6A2363.jpg\" alt=\"\" class=\"wp-image-10006\"\/><\/figure>\n\n\n\n<figure class=\"wp-block-image size-large\"><img loading=\"lazy\" decoding=\"async\" width=\"6720\" height=\"4480\" data-id=\"10018\" src=\"https:\/\/ds.edu.sv\/wp-content\/uploads\/2025\/08\/3V6A2538.jpg\" alt=\"\" class=\"wp-image-10018\"\/><\/figure>\n\n\n\n<figure class=\"wp-block-image size-large\"><img loading=\"lazy\" decoding=\"async\" width=\"6720\" height=\"4480\" data-id=\"10022\" src=\"https:\/\/ds.edu.sv\/wp-content\/uploads\/2025\/08\/3V6A2584.jpg\" alt=\"\" class=\"wp-image-10022\"\/><\/figure>\n\n\n\n<figure class=\"wp-block-image size-large\"><img loading=\"lazy\" decoding=\"async\" width=\"6720\" height=\"4480\" data-id=\"10004\" src=\"https:\/\/ds.edu.sv\/wp-content\/uploads\/2025\/08\/3V6A2354.jpg\" alt=\"\" class=\"wp-image-10004\"\/><\/figure>\n\n\n\n<figure class=\"wp-block-image size-large\"><img loading=\"lazy\" decoding=\"async\" width=\"6720\" height=\"4480\" data-id=\"10015\" src=\"https:\/\/ds.edu.sv\/wp-content\/uploads\/2025\/08\/3V6A2510.jpg\" alt=\"\" class=\"wp-image-10015\"\/><\/figure>\n\n\n\n<figure class=\"wp-block-image size-full\"><img loading=\"lazy\" decoding=\"async\" width=\"6720\" height=\"4480\" data-id=\"10002\" src=\"https:\/\/ds.edu.sv\/wp-content\/uploads\/2025\/08\/3V6A2295.jpg\" alt=\"\" class=\"wp-image-10002\"\/><\/figure>\n\n\n\n<figure class=\"wp-block-image size-large\"><img loading=\"lazy\" decoding=\"async\" width=\"6720\" height=\"4480\" data-id=\"10021\" src=\"https:\/\/ds.edu.sv\/wp-content\/uploads\/2025\/08\/3V6A2563.jpg\" alt=\"\" class=\"wp-image-10021\"\/><\/figure>\n\n\n\n<figure class=\"wp-block-image size-large\"><img loading=\"lazy\" decoding=\"async\" width=\"6720\" height=\"4480\" data-id=\"10012\" src=\"https:\/\/ds.edu.sv\/wp-content\/uploads\/2025\/08\/3V6A2475.jpg\" alt=\"Recibimos a nuestros alumnos del Kindergarten con m\u00fasica, color y un show de Zoolandia.\" class=\"wp-image-10012\"\/><\/figure>\n\n\n\n<figure class=\"wp-block-image size-large\"><img loading=\"lazy\" decoding=\"async\" width=\"2048\" height=\"1365\" data-id=\"10005\" src=\"https:\/\/ds.edu.sv\/wp-content\/uploads\/2025\/08\/3V6A2358.jpg\" alt=\"\" class=\"wp-image-10005\"\/><\/figure>\n<\/figure>","protected":false},"excerpt":{"rendered":"<p>Recibimos a nuestros alumnos del Kindergarten con m\u00fasica, color y un show de Zoolandia.<\/p>","protected":false},"author":17,"featured_media":10016,"comment_status":"closed","ping_status":"closed","sticky":false,"template":"","format":"standard","meta":{"_acf_changed":false,"_monsterinsights_skip_tracking":false,"_monsterinsights_sitenote_active":false,"_monsterinsights_sitenote_note":"","_monsterinsights_sitenote_category":0,"_uf_show_specific_survey":0,"_uf_disable_surveys":false,"footnotes":""},"categories":[53],"tags":[],"class_list":["post-10001","post","type-post","status-publish","format-standard","has-post-thumbnail","hentry","category-parvularia"],"acf":[],"_links":{"self":[{"href":"https:\/\/ds.edu.sv\/de\/wp-json\/wp\/v2\/posts\/10001","targetHints":{"allow":["GET"]}}],"collection":[{"href":"https:\/\/ds.edu.sv\/de\/wp-json\/wp\/v2\/posts"}],"about":[{"href":"https:\/\/ds.edu.sv\/de\/wp-json\/wp\/v2\/types\/post"}],"author":[{"embeddable":true,"href":"https:\/\/ds.edu.sv\/de\/wp-json\/wp\/v2\/users\/17"}],"replies":[{"embeddable":true,"href":"https:\/\/ds.edu.sv\/de\/wp-json\/wp\/v2\/comments?post=10001"}],"version-history":[{"count":2,"href":"https:\/\/ds.edu.sv\/de\/wp-json\/wp\/v2\/posts\/10001\/revisions"}],"predecessor-version":[{"id":10024,"href":"https:\/\/ds.edu.sv\/de\/wp-json\/wp\/v2\/posts\/10001\/revisions\/10024"}],"wp:featuredmedia":[{"embeddable":true,"href":"https:\/\/ds.edu.sv\/de\/wp-json\/wp\/v2\/media\/10016"}],"wp:attachment":[{"href":"https:\/\/ds.edu.sv\/de\/wp-json\/wp\/v2\/media?parent=10001"}],"wp:term":[{"taxonomy":"category","embeddable":true,"href":"https:\/\/ds.edu.sv\/de\/wp-json\/wp\/v2\/categories?post=10001"},{"taxonomy":"post_tag","embeddable":true,"href":"https:\/\/ds.edu.sv\/de\/wp-json\/wp\/v2\/tags?post=10001"}],"curies":[{"name":"wp","href":"https:\/\/api.w.org\/{rel}","templated":true}]}}