{"id":10369,"date":"2025-09-10T15:06:15","date_gmt":"2025-09-10T21:06:15","guid":{"rendered":"https:\/\/ds.edu.sv\/?p=10369"},"modified":"2025-09-10T15:06:15","modified_gmt":"2025-09-10T21:06:15","slug":"aprendizajes-que-trascienden-el-aula","status":"publish","type":"post","link":"https:\/\/ds.edu.sv\/de\/aprendizajes-que-trascienden-el-aula\/","title":{"rendered":"Lernmomente, die \u00fcber das Klassenzimmer hinausgehen"},"content":{"rendered":"<p><em>Zu Beginn des Schuljahres 2025\/2026 haben unsere Sch\u00fclerinnen und Sch\u00fcler bereits Erfahrungen gesammelt, die Wissen mit Gemeinschaft verbinden und die Bedeutung des Lernens innerhalb und au\u00dferhalb des Klassenzimmers unterstreichen.<\/em><\/p>\n\n\n\n<div style=\"height:20px\" aria-hidden=\"true\" class=\"wp-block-spacer\"><\/div>\n\n\n\n<p>\ud83c\udf3f&nbsp;<strong>5. Klasse im Botanischen Garten<\/strong><br>Die Sch\u00fclerinnen und Sch\u00fcler der f\u00fcnften Klasse unternahmen einen Integrationsausflug, organisiert von der Psychologieabteilung. Inmitten der nat\u00fcrlichen Vielfalt des Botanischen Gartens nahmen sie an Aktivit\u00e4ten teil, die Zusammenarbeit, Kommunikation und F\u00fchrungsf\u00e4higkeiten st\u00e4rkten. Dieser Tag bot die Gelegenheit, das Vertrauen zwischen Mitsch\u00fclern und Lehrkr\u00e4ften zu vertiefen und ein harmonischeres Miteinander zu f\u00f6rdern.<\/p>\n\n\n\n<figure class=\"wp-block-gallery has-nested-images columns-default is-cropped wp-block-gallery-1 is-layout-flex wp-block-gallery-is-layout-flex\">\n<figure class=\"wp-block-image size-large\"><img fetchpriority=\"high\" decoding=\"async\" width=\"1024\" height=\"576\" data-id=\"10375\" src=\"https:\/\/ds.edu.sv\/wp-content\/uploads\/2025\/09\/IMG_5569-2-1024x576.jpg\" alt=\"\" class=\"wp-image-10375\" srcset=\"https:\/\/ds.edu.sv\/wp-content\/uploads\/2025\/09\/IMG_5569-2-1024x576.jpg 1024w, https:\/\/ds.edu.sv\/wp-content\/uploads\/2025\/09\/IMG_5569-2-300x169.jpg 300w, https:\/\/ds.edu.sv\/wp-content\/uploads\/2025\/09\/IMG_5569-2-768x432.jpg 768w, https:\/\/ds.edu.sv\/wp-content\/uploads\/2025\/09\/IMG_5569-2-1536x864.jpg 1536w, https:\/\/ds.edu.sv\/wp-content\/uploads\/2025\/09\/IMG_5569-2-2048x1152.jpg 2048w, https:\/\/ds.edu.sv\/wp-content\/uploads\/2025\/09\/IMG_5569-2-18x10.jpg 18w\" sizes=\"(max-width: 1024px) 100vw, 1024px\" \/><\/figure>\n\n\n\n<figure class=\"wp-block-image size-large\"><img decoding=\"async\" width=\"1024\" height=\"768\" data-id=\"10377\" src=\"https:\/\/ds.edu.sv\/wp-content\/uploads\/2025\/09\/IMG_5599-2-1024x768.jpg\" alt=\"\" class=\"wp-image-10377\" srcset=\"https:\/\/ds.edu.sv\/wp-content\/uploads\/2025\/09\/IMG_5599-2-1024x768.jpg 1024w, https:\/\/ds.edu.sv\/wp-content\/uploads\/2025\/09\/IMG_5599-2-300x225.jpg 300w, https:\/\/ds.edu.sv\/wp-content\/uploads\/2025\/09\/IMG_5599-2-768x576.jpg 768w, https:\/\/ds.edu.sv\/wp-content\/uploads\/2025\/09\/IMG_5599-2-1536x1152.jpg 1536w, https:\/\/ds.edu.sv\/wp-content\/uploads\/2025\/09\/IMG_5599-2-2048x1536.jpg 2048w, https:\/\/ds.edu.sv\/wp-content\/uploads\/2025\/09\/IMG_5599-2-16x12.jpg 16w\" sizes=\"(max-width: 1024px) 100vw, 1024px\" \/><\/figure>\n\n\n\n<figure class=\"wp-block-image size-large\"><img decoding=\"async\" width=\"1024\" height=\"768\" data-id=\"10379\" src=\"https:\/\/ds.edu.sv\/wp-content\/uploads\/2025\/09\/IMG_5638-2-1024x768.jpg\" alt=\"\" class=\"wp-image-10379\" srcset=\"https:\/\/ds.edu.sv\/wp-content\/uploads\/2025\/09\/IMG_5638-2-1024x768.jpg 1024w, https:\/\/ds.edu.sv\/wp-content\/uploads\/2025\/09\/IMG_5638-2-300x225.jpg 300w, https:\/\/ds.edu.sv\/wp-content\/uploads\/2025\/09\/IMG_5638-2-768x576.jpg 768w, https:\/\/ds.edu.sv\/wp-content\/uploads\/2025\/09\/IMG_5638-2-1536x1152.jpg 1536w, https:\/\/ds.edu.sv\/wp-content\/uploads\/2025\/09\/IMG_5638-2-2048x1536.jpg 2048w, https:\/\/ds.edu.sv\/wp-content\/uploads\/2025\/09\/IMG_5638-2-16x12.jpg 16w\" sizes=\"(max-width: 1024px) 100vw, 1024px\" \/><\/figure>\n<\/figure>\n\n\n\n<div style=\"height:30px\" aria-hidden=\"true\" class=\"wp-block-spacer\"><\/div>\n\n\n\n<p>\ud83d\udc1d\u00a0<strong>6. Klasse an der Landwirtschaftlichen Versuchsstation \u2013 UES<\/strong><br>Die Sechstkl\u00e4ssler erlebten eine einzigartige Lernerfahrung an der Fakult\u00e4t f\u00fcr Agrarwissenschaften der Universit\u00e4t El Salvador. Dort erhielten sie Einblicke in die Arbeit der Agronomie und verstanden die Bedeutung von Bienen und anderen Best\u00e4uberinsekten f\u00fcr die Nachhaltigkeit unseres Planeten. Der direkte Kontakt mit der Natur erm\u00f6glichte es ihnen zudem, Wissen zu festigen und als Gruppe besondere Momente des Miteinanders zu teilen.<\/p>\n\n\n\n<figure class=\"wp-block-gallery has-nested-images columns-default is-cropped wp-block-gallery-2 is-layout-flex wp-block-gallery-is-layout-flex\">\n<figure class=\"wp-block-image size-large\"><img loading=\"lazy\" decoding=\"async\" width=\"1024\" height=\"683\" data-id=\"10381\" src=\"https:\/\/ds.edu.sv\/wp-content\/uploads\/2025\/09\/IMG_5700-1024x683.jpg\" alt=\"\" class=\"wp-image-10381\" srcset=\"https:\/\/ds.edu.sv\/wp-content\/uploads\/2025\/09\/IMG_5700-1024x683.jpg 1024w, https:\/\/ds.edu.sv\/wp-content\/uploads\/2025\/09\/IMG_5700-300x200.jpg 300w, https:\/\/ds.edu.sv\/wp-content\/uploads\/2025\/09\/IMG_5700-768x512.jpg 768w, https:\/\/ds.edu.sv\/wp-content\/uploads\/2025\/09\/IMG_5700-1536x1024.jpg 1536w, https:\/\/ds.edu.sv\/wp-content\/uploads\/2025\/09\/IMG_5700-2048x1365.jpg 2048w, https:\/\/ds.edu.sv\/wp-content\/uploads\/2025\/09\/IMG_5700-18x12.jpg 18w\" sizes=\"(max-width: 1024px) 100vw, 1024px\" \/><\/figure>\n\n\n\n<figure class=\"wp-block-image size-large\"><img loading=\"lazy\" decoding=\"async\" width=\"1024\" height=\"683\" data-id=\"10380\" src=\"https:\/\/ds.edu.sv\/wp-content\/uploads\/2025\/09\/IMG_5654-1024x683.jpg\" alt=\"\" class=\"wp-image-10380\" srcset=\"https:\/\/ds.edu.sv\/wp-content\/uploads\/2025\/09\/IMG_5654-1024x683.jpg 1024w, https:\/\/ds.edu.sv\/wp-content\/uploads\/2025\/09\/IMG_5654-300x200.jpg 300w, https:\/\/ds.edu.sv\/wp-content\/uploads\/2025\/09\/IMG_5654-768x512.jpg 768w, https:\/\/ds.edu.sv\/wp-content\/uploads\/2025\/09\/IMG_5654-1536x1024.jpg 1536w, https:\/\/ds.edu.sv\/wp-content\/uploads\/2025\/09\/IMG_5654-2048x1365.jpg 2048w, https:\/\/ds.edu.sv\/wp-content\/uploads\/2025\/09\/IMG_5654-18x12.jpg 18w\" sizes=\"(max-width: 1024px) 100vw, 1024px\" \/><\/figure>\n\n\n\n<figure class=\"wp-block-image size-large\"><img loading=\"lazy\" decoding=\"async\" width=\"1024\" height=\"683\" data-id=\"10378\" src=\"https:\/\/ds.edu.sv\/wp-content\/uploads\/2025\/09\/IMG_5637-1024x683.jpg\" alt=\"\" class=\"wp-image-10378\" srcset=\"https:\/\/ds.edu.sv\/wp-content\/uploads\/2025\/09\/IMG_5637-1024x683.jpg 1024w, https:\/\/ds.edu.sv\/wp-content\/uploads\/2025\/09\/IMG_5637-300x200.jpg 300w, https:\/\/ds.edu.sv\/wp-content\/uploads\/2025\/09\/IMG_5637-768x512.jpg 768w, https:\/\/ds.edu.sv\/wp-content\/uploads\/2025\/09\/IMG_5637-1536x1024.jpg 1536w, https:\/\/ds.edu.sv\/wp-content\/uploads\/2025\/09\/IMG_5637-2048x1365.jpg 2048w, https:\/\/ds.edu.sv\/wp-content\/uploads\/2025\/09\/IMG_5637-18x12.jpg 18w\" sizes=\"(max-width: 1024px) 100vw, 1024px\" \/><\/figure>\n<\/figure>\n\n\n\n<div style=\"height:30px\" aria-hidden=\"true\" class=\"wp-block-spacer\"><\/div>\n\n\n\n<p>\ud83c\udfdb\ufe0f\u00a0<strong>9. Klasse im historischen Zentrum von San Salvador<\/strong><br>Im Rahmen des Fachs Sozialkunde besuchten die Sch\u00fclerinnen und Sch\u00fcler der neunten Klasse das historische Zentrum von San Salvador. Die Tour f\u00fchrte sie zu bedeutenden Orten wie der Nationalbibliothek, der Iglesia El Rosario, dem Nationalpalast und der Kathedrale. Dieser Besuch erm\u00f6glichte es ihnen, die kulturelle und historische Vielfalt des Landes kennenzulernen, ihre Identit\u00e4t zu st\u00e4rken und ihr Zugeh\u00f6rigkeitsgef\u00fchl zu vertiefen.<\/p>\n\n\n\n<figure class=\"wp-block-gallery has-nested-images columns-default is-cropped wp-block-gallery-3 is-layout-flex wp-block-gallery-is-layout-flex\">\n<figure class=\"wp-block-image size-large\"><img loading=\"lazy\" decoding=\"async\" width=\"1024\" height=\"683\" data-id=\"10371\" src=\"https:\/\/ds.edu.sv\/wp-content\/uploads\/2025\/09\/3V6A3726-1024x683.jpg\" alt=\"\" class=\"wp-image-10371\" srcset=\"https:\/\/ds.edu.sv\/wp-content\/uploads\/2025\/09\/3V6A3726-1024x683.jpg 1024w, https:\/\/ds.edu.sv\/wp-content\/uploads\/2025\/09\/3V6A3726-300x200.jpg 300w, https:\/\/ds.edu.sv\/wp-content\/uploads\/2025\/09\/3V6A3726-768x512.jpg 768w, https:\/\/ds.edu.sv\/wp-content\/uploads\/2025\/09\/3V6A3726-1536x1024.jpg 1536w, https:\/\/ds.edu.sv\/wp-content\/uploads\/2025\/09\/3V6A3726-18x12.jpg 18w, https:\/\/ds.edu.sv\/wp-content\/uploads\/2025\/09\/3V6A3726.jpg 2048w\" sizes=\"(max-width: 1024px) 100vw, 1024px\" \/><\/figure>\n\n\n\n<figure class=\"wp-block-image size-large\"><img loading=\"lazy\" decoding=\"async\" width=\"1024\" height=\"683\" data-id=\"10374\" src=\"https:\/\/ds.edu.sv\/wp-content\/uploads\/2025\/09\/3V6A3828-1024x683.jpg\" alt=\"\" class=\"wp-image-10374\" srcset=\"https:\/\/ds.edu.sv\/wp-content\/uploads\/2025\/09\/3V6A3828-1024x683.jpg 1024w, https:\/\/ds.edu.sv\/wp-content\/uploads\/2025\/09\/3V6A3828-300x200.jpg 300w, https:\/\/ds.edu.sv\/wp-content\/uploads\/2025\/09\/3V6A3828-768x512.jpg 768w, https:\/\/ds.edu.sv\/wp-content\/uploads\/2025\/09\/3V6A3828-1536x1024.jpg 1536w, https:\/\/ds.edu.sv\/wp-content\/uploads\/2025\/09\/3V6A3828-18x12.jpg 18w, https:\/\/ds.edu.sv\/wp-content\/uploads\/2025\/09\/3V6A3828.jpg 2048w\" sizes=\"(max-width: 1024px) 100vw, 1024px\" \/><\/figure>\n\n\n\n<figure class=\"wp-block-image size-large\"><img loading=\"lazy\" decoding=\"async\" width=\"1024\" height=\"683\" data-id=\"10372\" src=\"https:\/\/ds.edu.sv\/wp-content\/uploads\/2025\/09\/3V6A3789-1024x683.jpg\" alt=\"\" class=\"wp-image-10372\" srcset=\"https:\/\/ds.edu.sv\/wp-content\/uploads\/2025\/09\/3V6A3789-1024x683.jpg 1024w, https:\/\/ds.edu.sv\/wp-content\/uploads\/2025\/09\/3V6A3789-300x200.jpg 300w, https:\/\/ds.edu.sv\/wp-content\/uploads\/2025\/09\/3V6A3789-768x512.jpg 768w, https:\/\/ds.edu.sv\/wp-content\/uploads\/2025\/09\/3V6A3789-1536x1024.jpg 1536w, https:\/\/ds.edu.sv\/wp-content\/uploads\/2025\/09\/3V6A3789-18x12.jpg 18w, https:\/\/ds.edu.sv\/wp-content\/uploads\/2025\/09\/3V6A3789.jpg 2048w\" sizes=\"(max-width: 1024px) 100vw, 1024px\" \/><\/figure>\n<\/figure>\n\n\n\n<div style=\"height:24px\" aria-hidden=\"true\" class=\"wp-block-spacer\"><\/div>\n\n\n\n<p>Ob soziale Integration, Naturerlebnisse oder kulturelle Erkundung \u2013 alle Exkursionen verfolgten ein gemeinsames Ziel: zur ganzheitlichen Entwicklung unserer Sch\u00fclerinnen und Sch\u00fcler beizutragen. Durch das Lernen in unterschiedlichen Kontexten erwerben sie nicht nur Wissen, sondern bauen auch Vertrauen auf, st\u00e4rken Werte und entdecken neue Wege, sich mit der Welt zu verbinden.<\/p>\n\n\n\n<figure class=\"wp-block-gallery has-nested-images columns-default is-cropped wp-block-gallery-4 is-layout-flex wp-block-gallery-is-layout-flex\">\n<figure class=\"wp-block-image size-large\"><img loading=\"lazy\" decoding=\"async\" width=\"1024\" height=\"576\" data-id=\"10376\" src=\"https:\/\/ds.edu.sv\/wp-content\/uploads\/2025\/09\/IMG_5585-2-1024x576.jpg\" alt=\"\" class=\"wp-image-10376\" srcset=\"https:\/\/ds.edu.sv\/wp-content\/uploads\/2025\/09\/IMG_5585-2-1024x576.jpg 1024w, https:\/\/ds.edu.sv\/wp-content\/uploads\/2025\/09\/IMG_5585-2-300x169.jpg 300w, https:\/\/ds.edu.sv\/wp-content\/uploads\/2025\/09\/IMG_5585-2-768x432.jpg 768w, https:\/\/ds.edu.sv\/wp-content\/uploads\/2025\/09\/IMG_5585-2-1536x864.jpg 1536w, https:\/\/ds.edu.sv\/wp-content\/uploads\/2025\/09\/IMG_5585-2-2048x1152.jpg 2048w, https:\/\/ds.edu.sv\/wp-content\/uploads\/2025\/09\/IMG_5585-2-18x10.jpg 18w\" sizes=\"(max-width: 1024px) 100vw, 1024px\" \/><\/figure>\n\n\n\n<figure class=\"wp-block-image size-large\"><img loading=\"lazy\" decoding=\"async\" width=\"1024\" height=\"683\" data-id=\"10370\" src=\"https:\/\/ds.edu.sv\/wp-content\/uploads\/2025\/09\/3V6A3637-1024x683.jpg\" alt=\"\" class=\"wp-image-10370\" srcset=\"https:\/\/ds.edu.sv\/wp-content\/uploads\/2025\/09\/3V6A3637-1024x683.jpg 1024w, https:\/\/ds.edu.sv\/wp-content\/uploads\/2025\/09\/3V6A3637-300x200.jpg 300w, https:\/\/ds.edu.sv\/wp-content\/uploads\/2025\/09\/3V6A3637-768x512.jpg 768w, https:\/\/ds.edu.sv\/wp-content\/uploads\/2025\/09\/3V6A3637-1536x1024.jpg 1536w, https:\/\/ds.edu.sv\/wp-content\/uploads\/2025\/09\/3V6A3637-18x12.jpg 18w, https:\/\/ds.edu.sv\/wp-content\/uploads\/2025\/09\/3V6A3637.jpg 2048w\" sizes=\"(max-width: 1024px) 100vw, 1024px\" \/><\/figure>\n\n\n\n<figure class=\"wp-block-image size-large\"><img loading=\"lazy\" decoding=\"async\" width=\"1024\" height=\"683\" data-id=\"10382\" src=\"https:\/\/ds.edu.sv\/wp-content\/uploads\/2025\/09\/IMG_5895-2-1024x683.jpg\" alt=\"\" class=\"wp-image-10382\" srcset=\"https:\/\/ds.edu.sv\/wp-content\/uploads\/2025\/09\/IMG_5895-2-1024x683.jpg 1024w, https:\/\/ds.edu.sv\/wp-content\/uploads\/2025\/09\/IMG_5895-2-300x200.jpg 300w, https:\/\/ds.edu.sv\/wp-content\/uploads\/2025\/09\/IMG_5895-2-768x512.jpg 768w, https:\/\/ds.edu.sv\/wp-content\/uploads\/2025\/09\/IMG_5895-2-1536x1024.jpg 1536w, https:\/\/ds.edu.sv\/wp-content\/uploads\/2025\/09\/IMG_5895-2-2048x1365.jpg 2048w, https:\/\/ds.edu.sv\/wp-content\/uploads\/2025\/09\/IMG_5895-2-18x12.jpg 18w\" sizes=\"(max-width: 1024px) 100vw, 1024px\" \/><\/figure>\n<\/figure>\n\n\n\n<div style=\"height:40px\" aria-hidden=\"true\" class=\"wp-block-spacer\"><\/div>","protected":false},"excerpt":{"rendered":"<p>Desde el Jard\u00edn Bot\u00e1nico hasta el Centro Hist\u00f3rico, cada salida pedag\u00f3gica refuerza la formaci\u00f3n integral de nuestros alumnos y su v\u00ednculo con la comunidad.<\/p>","protected":false},"author":17,"featured_media":10380,"comment_status":"closed","ping_status":"","sticky":false,"template":"","format":"standard","meta":{"_acf_changed":false,"_monsterinsights_skip_tracking":false,"_monsterinsights_sitenote_active":false,"_monsterinsights_sitenote_note":"","_monsterinsights_sitenote_category":0,"_uf_show_specific_survey":0,"_uf_disable_surveys":false,"footnotes":""},"categories":[57],"tags":[],"class_list":["post-10369","post","type-post","status-publish","format-standard","has-post-thumbnail","hentry","category-secundaria-i"],"acf":[],"_links":{"self":[{"href":"https:\/\/ds.edu.sv\/de\/wp-json\/wp\/v2\/posts\/10369","targetHints":{"allow":["GET"]}}],"collection":[{"href":"https:\/\/ds.edu.sv\/de\/wp-json\/wp\/v2\/posts"}],"about":[{"href":"https:\/\/ds.edu.sv\/de\/wp-json\/wp\/v2\/types\/post"}],"author":[{"embeddable":true,"href":"https:\/\/ds.edu.sv\/de\/wp-json\/wp\/v2\/users\/17"}],"replies":[{"embeddable":true,"href":"https:\/\/ds.edu.sv\/de\/wp-json\/wp\/v2\/comments?post=10369"}],"version-history":[{"count":5,"href":"https:\/\/ds.edu.sv\/de\/wp-json\/wp\/v2\/posts\/10369\/revisions"}],"predecessor-version":[{"id":10387,"href":"https:\/\/ds.edu.sv\/de\/wp-json\/wp\/v2\/posts\/10369\/revisions\/10387"}],"wp:featuredmedia":[{"embeddable":true,"href":"https:\/\/ds.edu.sv\/de\/wp-json\/wp\/v2\/media\/10380"}],"wp:attachment":[{"href":"https:\/\/ds.edu.sv\/de\/wp-json\/wp\/v2\/media?parent=10369"}],"wp:term":[{"taxonomy":"category","embeddable":true,"href":"https:\/\/ds.edu.sv\/de\/wp-json\/wp\/v2\/categories?post=10369"},{"taxonomy":"post_tag","embeddable":true,"href":"https:\/\/ds.edu.sv\/de\/wp-json\/wp\/v2\/tags?post=10369"}],"curies":[{"name":"wp","href":"https:\/\/api.w.org\/{rel}","templated":true}]}}