{"id":10411,"date":"2025-09-11T07:31:29","date_gmt":"2025-09-11T13:31:29","guid":{"rendered":"https:\/\/ds.edu.sv\/?p=10411"},"modified":"2025-10-09T09:38:29","modified_gmt":"2025-10-09T15:38:29","slug":"mes-civico-en-la-escuela-alemana-san-salvador","status":"publish","type":"post","link":"https:\/\/ds.edu.sv\/de\/mes-civico-en-la-escuela-alemana-san-salvador\/","title":{"rendered":"Ziviler Monat an der Deutschen Schule San Salvador"},"content":{"rendered":"<p><em>Der September begann an unserer Schule mit Feierlichkeiten voller Stolz, Reflexion und Freude. Von den Kleinsten im Kindergarten bis zu den Sch\u00fclerinnen und Sch\u00fclern der Oberstufe brachte jede Stufe ihre Energie und ihr Talent ein, um den Zivilen Monat zu er\u00f6ffnen.<\/em><\/p>\n\n\n\n<div class=\"wp-block-media-text is-stacked-on-mobile\"><figure class=\"wp-block-media-text__media\"><img fetchpriority=\"high\" decoding=\"async\" width=\"1024\" height=\"683\" src=\"https:\/\/ds.edu.sv\/wp-content\/uploads\/2025\/09\/3V6A4048-1024x683.jpg\" alt=\"\" class=\"wp-image-10412 size-full\" srcset=\"https:\/\/ds.edu.sv\/wp-content\/uploads\/2025\/09\/3V6A4048-1024x683.jpg 1024w, https:\/\/ds.edu.sv\/wp-content\/uploads\/2025\/09\/3V6A4048-300x200.jpg 300w, https:\/\/ds.edu.sv\/wp-content\/uploads\/2025\/09\/3V6A4048-768x512.jpg 768w, https:\/\/ds.edu.sv\/wp-content\/uploads\/2025\/09\/3V6A4048-1536x1024.jpg 1536w, https:\/\/ds.edu.sv\/wp-content\/uploads\/2025\/09\/3V6A4048-2048x1365.jpg 2048w, https:\/\/ds.edu.sv\/wp-content\/uploads\/2025\/09\/3V6A4048-18x12.jpg 18w\" sizes=\"(max-width: 1024px) 100vw, 1024px\" \/><\/figure><div class=\"wp-block-media-text__content\">\n<p><\/p>\n\n\n\n<p><strong>12. Klasse: feierliche Zeremonie und eine Botschaft der Hoffnung \ud83c\uddf8\ud83c\uddfb<\/strong><\/p>\n\n\n\n<p>Die Sch\u00fclerinnen und Sch\u00fcler der 12. Klasse organisierten eine feierliche Zeremonie zu Ehren der Nationalsymbole. Der Tag begann mit dem Hissen der Fahnen, dem Singen der Nationalhymne und dem Gebet zur Fahne, wodurch eine Atmosph\u00e4re des Respekts und der Einheit entstand.<\/p>\n\n\n\n<p>Der bewegendste Moment war die Lesung des Textes&nbsp;<em>\u201eBrief an einen Migranten: Jenseits der Grenzen\u201c,<\/em>verfasst und vorgetragen von Mariah Celeste Gonz\u00e1lez, die ihre Worte all jenen widmete, die El Salvador eines Tages verlassen haben, um eine bessere Zukunft zu suchen.<\/p>\n<\/div><\/div>\n\n\n\n<div style=\"height:25px\" aria-hidden=\"true\" class=\"wp-block-spacer\"><\/div>\n\n\n\n<blockquote class=\"wp-block-quote is-layout-flow wp-block-quote-is-layout-flow\">\n<blockquote class=\"wp-block-quote is-layout-flow wp-block-quote-is-layout-flow\">\n<p><span style=\"white-space: normal; font-size: medium;\"><em>\u201eIch wei\u00df, dass Sie in Ihren Koffern nicht nur Kleidung mitgenommen haben, sondern auch Erinnerungen, Tr\u00e4ume und die Hoffnung, eines Tages zur\u00fcckzukehren. Jeder Schritt fern der Heimat war ein Akt des Mutes \u2026 Sie haben gezeigt, dass die Liebe zu El Salvador nicht in Kilometern gemessen wird. Sie tragen sie in sich \u2013 in jeder Anstrengung, in jedem Anruf bei der Familie und in jedem Dollar, den Sie senden, um ein St\u00fcck dieses Traums hier aufzubauen.\u201c<\/em><\/span><\/p>\n<\/blockquote>\n<\/blockquote>\n\n\n\n<div style=\"height:25px\" aria-hidden=\"true\" class=\"wp-block-spacer\"><\/div>\n\n\n\n<figure class=\"wp-block-gallery has-nested-images columns-default is-cropped wp-block-gallery-1 is-layout-flex wp-block-gallery-is-layout-flex\">\n<figure class=\"wp-block-image size-large\"><img decoding=\"async\" width=\"1024\" height=\"683\" data-id=\"10415\" src=\"https:\/\/ds.edu.sv\/wp-content\/uploads\/2025\/09\/3V6A4110-1024x683.jpg\" alt=\"\" class=\"wp-image-10415\" srcset=\"https:\/\/ds.edu.sv\/wp-content\/uploads\/2025\/09\/3V6A4110-1024x683.jpg 1024w, https:\/\/ds.edu.sv\/wp-content\/uploads\/2025\/09\/3V6A4110-300x200.jpg 300w, https:\/\/ds.edu.sv\/wp-content\/uploads\/2025\/09\/3V6A4110-768x512.jpg 768w, https:\/\/ds.edu.sv\/wp-content\/uploads\/2025\/09\/3V6A4110-1536x1024.jpg 1536w, https:\/\/ds.edu.sv\/wp-content\/uploads\/2025\/09\/3V6A4110-2048x1365.jpg 2048w, https:\/\/ds.edu.sv\/wp-content\/uploads\/2025\/09\/3V6A4110-18x12.jpg 18w\" sizes=\"(max-width: 1024px) 100vw, 1024px\" \/><\/figure>\n\n\n\n<figure class=\"wp-block-image size-large\"><img decoding=\"async\" width=\"1024\" height=\"683\" data-id=\"10413\" src=\"https:\/\/ds.edu.sv\/wp-content\/uploads\/2025\/09\/3V6A4052-1024x683.jpg\" alt=\"\" class=\"wp-image-10413\" srcset=\"https:\/\/ds.edu.sv\/wp-content\/uploads\/2025\/09\/3V6A4052-1024x683.jpg 1024w, https:\/\/ds.edu.sv\/wp-content\/uploads\/2025\/09\/3V6A4052-300x200.jpg 300w, https:\/\/ds.edu.sv\/wp-content\/uploads\/2025\/09\/3V6A4052-768x512.jpg 768w, https:\/\/ds.edu.sv\/wp-content\/uploads\/2025\/09\/3V6A4052-1536x1024.jpg 1536w, https:\/\/ds.edu.sv\/wp-content\/uploads\/2025\/09\/3V6A4052-2048x1365.jpg 2048w, https:\/\/ds.edu.sv\/wp-content\/uploads\/2025\/09\/3V6A4052-18x12.jpg 18w\" sizes=\"(max-width: 1024px) 100vw, 1024px\" \/><\/figure>\n\n\n\n<figure class=\"wp-block-image size-large\"><img loading=\"lazy\" decoding=\"async\" width=\"1024\" height=\"683\" data-id=\"10414\" src=\"https:\/\/ds.edu.sv\/wp-content\/uploads\/2025\/09\/3V6A4103-1024x683.jpg\" alt=\"\" class=\"wp-image-10414\" srcset=\"https:\/\/ds.edu.sv\/wp-content\/uploads\/2025\/09\/3V6A4103-1024x683.jpg 1024w, https:\/\/ds.edu.sv\/wp-content\/uploads\/2025\/09\/3V6A4103-300x200.jpg 300w, https:\/\/ds.edu.sv\/wp-content\/uploads\/2025\/09\/3V6A4103-768x512.jpg 768w, https:\/\/ds.edu.sv\/wp-content\/uploads\/2025\/09\/3V6A4103-1536x1024.jpg 1536w, https:\/\/ds.edu.sv\/wp-content\/uploads\/2025\/09\/3V6A4103-2048x1365.jpg 2048w, https:\/\/ds.edu.sv\/wp-content\/uploads\/2025\/09\/3V6A4103-18x12.jpg 18w\" sizes=\"(max-width: 1024px) 100vw, 1024px\" \/><\/figure>\n<\/figure>\n\n\n\n<p>Mit dieser Botschaft w\u00fcrdigten die Jugendlichen die Kraft unserer Wurzeln und den Mut all jener, die aus der Ferne weiterhin an der Zukunft unseres Landes mitwirken. Den Abschluss der Zeremonie bildete die Interpretation von&nbsp;<em>\u201cPatria Querida\u201d<\/em>, die die gesamte Schulgemeinschaft inspirierte.<\/p>\n\n\n\n<div style=\"height:25px\" aria-hidden=\"true\" class=\"wp-block-spacer\"><\/div>\n\n\n\n<p><strong>Kindergarten: ein Umzug voller Farbe und Tradition<\/strong><\/p>\n\n\n\n<p>Auch die Kindergartenkinder er\u00f6ffneten die Festwoche mit einem fr\u00f6hlichen und bunten Umzug. Mit Stolz trugen sie die Fahnen von El Salvador und Deutschland, sangen die Nationalhymne und rezitierten Gedichte zu Ehren der Nationalsymbole.<\/p>\n\n\n\n<p>Die Feier beinhaltete traditionelle T\u00e4nze wie&nbsp;<em>El Torito Pinto<\/em>&nbsp;und&nbsp;<em>El Carbonero<\/em>sowie die Darstellung der Figur El Cipitillo, wodurch die J\u00fcngsten auf spielerische und erlebnisorientierte Weise an die salvadorianischen Wurzeln herangef\u00fchrt wurden.<\/p>\n\n\n\n<figure class=\"wp-block-gallery has-nested-images columns-default is-cropped wp-block-gallery-2 is-layout-flex wp-block-gallery-is-layout-flex\">\n<figure class=\"wp-block-image size-large\"><img loading=\"lazy\" decoding=\"async\" width=\"1024\" height=\"683\" data-id=\"10417\" src=\"https:\/\/ds.edu.sv\/wp-content\/uploads\/2025\/09\/3V6A6310-1024x683.jpg\" alt=\"\" class=\"wp-image-10417\" srcset=\"https:\/\/ds.edu.sv\/wp-content\/uploads\/2025\/09\/3V6A6310-1024x683.jpg 1024w, https:\/\/ds.edu.sv\/wp-content\/uploads\/2025\/09\/3V6A6310-300x200.jpg 300w, https:\/\/ds.edu.sv\/wp-content\/uploads\/2025\/09\/3V6A6310-768x512.jpg 768w, https:\/\/ds.edu.sv\/wp-content\/uploads\/2025\/09\/3V6A6310-1536x1024.jpg 1536w, https:\/\/ds.edu.sv\/wp-content\/uploads\/2025\/09\/3V6A6310-18x12.jpg 18w, https:\/\/ds.edu.sv\/wp-content\/uploads\/2025\/09\/3V6A6310.jpg 2048w\" sizes=\"(max-width: 1024px) 100vw, 1024px\" \/><\/figure>\n\n\n\n<figure class=\"wp-block-image size-large\"><img loading=\"lazy\" decoding=\"async\" width=\"1024\" height=\"683\" data-id=\"10416\" src=\"https:\/\/ds.edu.sv\/wp-content\/uploads\/2025\/09\/3V6A6249-1024x683.jpg\" alt=\"\" class=\"wp-image-10416\" srcset=\"https:\/\/ds.edu.sv\/wp-content\/uploads\/2025\/09\/3V6A6249-1024x683.jpg 1024w, https:\/\/ds.edu.sv\/wp-content\/uploads\/2025\/09\/3V6A6249-300x200.jpg 300w, https:\/\/ds.edu.sv\/wp-content\/uploads\/2025\/09\/3V6A6249-768x512.jpg 768w, https:\/\/ds.edu.sv\/wp-content\/uploads\/2025\/09\/3V6A6249-1536x1024.jpg 1536w, https:\/\/ds.edu.sv\/wp-content\/uploads\/2025\/09\/3V6A6249-18x12.jpg 18w, https:\/\/ds.edu.sv\/wp-content\/uploads\/2025\/09\/3V6A6249.jpg 2048w\" sizes=\"(max-width: 1024px) 100vw, 1024px\" \/><\/figure>\n\n\n\n<figure class=\"wp-block-image size-large\"><img loading=\"lazy\" decoding=\"async\" width=\"1024\" height=\"683\" data-id=\"10418\" src=\"https:\/\/ds.edu.sv\/wp-content\/uploads\/2025\/09\/3V6A6395-1024x683.jpg\" alt=\"\" class=\"wp-image-10418\" srcset=\"https:\/\/ds.edu.sv\/wp-content\/uploads\/2025\/09\/3V6A6395-1024x683.jpg 1024w, https:\/\/ds.edu.sv\/wp-content\/uploads\/2025\/09\/3V6A6395-300x200.jpg 300w, https:\/\/ds.edu.sv\/wp-content\/uploads\/2025\/09\/3V6A6395-768x512.jpg 768w, https:\/\/ds.edu.sv\/wp-content\/uploads\/2025\/09\/3V6A6395-1536x1024.jpg 1536w, https:\/\/ds.edu.sv\/wp-content\/uploads\/2025\/09\/3V6A6395-18x12.jpg 18w, https:\/\/ds.edu.sv\/wp-content\/uploads\/2025\/09\/3V6A6395.jpg 2048w\" sizes=\"(max-width: 1024px) 100vw, 1024px\" \/><\/figure>\n\n\n\n<figure class=\"wp-block-image size-large\"><img loading=\"lazy\" decoding=\"async\" width=\"1024\" height=\"683\" data-id=\"10419\" src=\"https:\/\/ds.edu.sv\/wp-content\/uploads\/2025\/09\/3V6A6410-1024x683.jpg\" alt=\"\" class=\"wp-image-10419\" srcset=\"https:\/\/ds.edu.sv\/wp-content\/uploads\/2025\/09\/3V6A6410-1024x683.jpg 1024w, https:\/\/ds.edu.sv\/wp-content\/uploads\/2025\/09\/3V6A6410-300x200.jpg 300w, https:\/\/ds.edu.sv\/wp-content\/uploads\/2025\/09\/3V6A6410-768x512.jpg 768w, https:\/\/ds.edu.sv\/wp-content\/uploads\/2025\/09\/3V6A6410-1536x1024.jpg 1536w, https:\/\/ds.edu.sv\/wp-content\/uploads\/2025\/09\/3V6A6410-18x12.jpg 18w, https:\/\/ds.edu.sv\/wp-content\/uploads\/2025\/09\/3V6A6410.jpg 2048w\" sizes=\"(max-width: 1024px) 100vw, 1024px\" \/><\/figure>\n\n\n\n<figure class=\"wp-block-image size-large\"><img loading=\"lazy\" decoding=\"async\" width=\"1024\" height=\"683\" data-id=\"10420\" src=\"https:\/\/ds.edu.sv\/wp-content\/uploads\/2025\/09\/3V6A6598-1024x683.jpg\" alt=\"\" class=\"wp-image-10420\" srcset=\"https:\/\/ds.edu.sv\/wp-content\/uploads\/2025\/09\/3V6A6598-1024x683.jpg 1024w, https:\/\/ds.edu.sv\/wp-content\/uploads\/2025\/09\/3V6A6598-300x200.jpg 300w, https:\/\/ds.edu.sv\/wp-content\/uploads\/2025\/09\/3V6A6598-768x512.jpg 768w, https:\/\/ds.edu.sv\/wp-content\/uploads\/2025\/09\/3V6A6598-1536x1024.jpg 1536w, https:\/\/ds.edu.sv\/wp-content\/uploads\/2025\/09\/3V6A6598-18x12.jpg 18w, https:\/\/ds.edu.sv\/wp-content\/uploads\/2025\/09\/3V6A6598.jpg 2048w\" sizes=\"(max-width: 1024px) 100vw, 1024px\" \/><\/figure>\n<\/figure>\n\n\n\n<p>Die Feierlichkeit der Oberstufe und die Fr\u00f6hlichkeit des Kindergartens spiegeln das Engagement unserer Schulgemeinschaft f\u00fcr die Bewahrung der staatsb\u00fcrgerlichen und kulturellen Werte wider. Wir haben den September mit der \u00dcberzeugung begonnen, dass die Liebe zu unserem Vaterland auf vielf\u00e4ltige Weise zum Ausdruck kommt: in der Reflexion, in der Tradition und im Stolz, Salvadorianer zu sein.<\/p>\n\n\n\n<div style=\"height:25px\" aria-hidden=\"true\" class=\"wp-block-spacer\"><\/div>\n\n\n\n<h3 class=\"wp-block-heading\">Ein Monat, um unsere Identit\u00e4t zu leben und zu feiern<\/h3>\n\n\n\n<div class=\"wp-block-group is-nowrap is-layout-flex wp-container-core-group-is-layout-6c531013 wp-block-group-is-layout-flex\">\n<figure class=\"wp-block-image size-large\"><img loading=\"lazy\" decoding=\"async\" width=\"1024\" height=\"683\" src=\"https:\/\/ds.edu.sv\/wp-content\/uploads\/2025\/09\/IMG_7360.jpg\" alt=\"\" class=\"wp-image-10652\" srcset=\"https:\/\/ds.edu.sv\/wp-content\/uploads\/2025\/09\/IMG_7360.jpg 1024w, https:\/\/ds.edu.sv\/wp-content\/uploads\/2025\/09\/IMG_7360-300x200.jpg 300w, https:\/\/ds.edu.sv\/wp-content\/uploads\/2025\/09\/IMG_7360-768x512.jpg 768w, https:\/\/ds.edu.sv\/wp-content\/uploads\/2025\/09\/IMG_7360-18x12.jpg 18w, https:\/\/ds.edu.sv\/wp-content\/uploads\/2025\/09\/IMG_7360-200x133.jpg 200w\" sizes=\"(max-width: 1024px) 100vw, 1024px\" \/><\/figure>\n\n\n\n<figure class=\"wp-block-image size-large\"><img loading=\"lazy\" decoding=\"async\" width=\"1024\" height=\"683\" src=\"https:\/\/ds.edu.sv\/wp-content\/uploads\/2025\/09\/3V6A8662-1024x683.jpg\" alt=\"\" class=\"wp-image-10642\" srcset=\"https:\/\/ds.edu.sv\/wp-content\/uploads\/2025\/09\/3V6A8662-1024x683.jpg 1024w, https:\/\/ds.edu.sv\/wp-content\/uploads\/2025\/09\/3V6A8662-300x200.jpg 300w, https:\/\/ds.edu.sv\/wp-content\/uploads\/2025\/09\/3V6A8662-768x512.jpg 768w, https:\/\/ds.edu.sv\/wp-content\/uploads\/2025\/09\/3V6A8662-1536x1024.jpg 1536w, https:\/\/ds.edu.sv\/wp-content\/uploads\/2025\/09\/3V6A8662-2048x1365.jpg 2048w, https:\/\/ds.edu.sv\/wp-content\/uploads\/2025\/09\/3V6A8662-18x12.jpg 18w, https:\/\/ds.edu.sv\/wp-content\/uploads\/2025\/09\/3V6A8662-200x133.jpg 200w\" sizes=\"(max-width: 1024px) 100vw, 1024px\" \/><\/figure>\n\n\n\n<p>Im Rahmen der Feierlichkeiten zum 204. Unabh\u00e4ngigkeitstag El Salvadors fanden an der Deutschen Schule San Salvador die civischen Akte der Primar- und Sekundarstufe unter dem Motto&nbsp;<em>\u201eBikulturalit\u00e4t: Wurzeln, die uns tragen\u201c statt.<\/em>.<\/p>\n<\/div>\n\n\n\n<div style=\"height:25px\" aria-hidden=\"true\" class=\"wp-block-spacer\"><\/div>\n\n\n\n<p>W\u00e4hrend der Veranstaltung ehrten wir die nationalen Symbole, sangen die Hymnen, die uns repr\u00e4sentieren, und feierten mit k\u00fcnstlerischen Darbietungen und traditionellen T\u00e4nzen voller Stolz und Freude. Dabei reflektierten wir, wie sich unsere salvadorianischen Wurzeln und die deutschen Traditionen, die Teil unserer Schule sind, miteinander verbinden und unsere Identit\u00e4t bereichern. Diese Verbindung st\u00e4rkt Werte wie Demokratie, Frieden und Respekt, die uns in die Zukunft tragen.<\/p>\n\n\n\n<p>Der September bescherte uns Tage voller Stolz und Tradition an der Deutschen Schule San Salvador. Von den Proben und Vorbereitungen bis hin zu den Auff\u00fchrungen war jeder Moment Teil einer Feier, die unsere Identit\u00e4t hervorhob und uns daran erinnerte, unsere Wurzeln zu sch\u00e4tzen.<\/p>\n\n\n\n<p>So schlossen wir einen Monat der Gemeinschaft und des Zusammenhalts ab, der nicht nur die Unabh\u00e4ngigkeit w\u00fcrdigte, sondern auch unseren kollektiven Geist bekr\u00e4ftigte \u2013 und uns daran erinnerte, dass wir gemeinsam Geschichte schreiben.<\/p>\n\n\n\n<figure class=\"wp-block-gallery has-nested-images columns-default is-cropped wp-block-gallery-3 is-layout-flex wp-block-gallery-is-layout-flex\">\n<figure class=\"wp-block-image size-large\"><img loading=\"lazy\" decoding=\"async\" width=\"1024\" height=\"683\" data-id=\"10641\" src=\"https:\/\/ds.edu.sv\/wp-content\/uploads\/2025\/09\/3V6A8655-1024x683.jpg\" alt=\"\" class=\"wp-image-10641\" srcset=\"https:\/\/ds.edu.sv\/wp-content\/uploads\/2025\/09\/3V6A8655-1024x683.jpg 1024w, https:\/\/ds.edu.sv\/wp-content\/uploads\/2025\/09\/3V6A8655-300x200.jpg 300w, https:\/\/ds.edu.sv\/wp-content\/uploads\/2025\/09\/3V6A8655-768x512.jpg 768w, https:\/\/ds.edu.sv\/wp-content\/uploads\/2025\/09\/3V6A8655-1536x1024.jpg 1536w, https:\/\/ds.edu.sv\/wp-content\/uploads\/2025\/09\/3V6A8655-2048x1365.jpg 2048w, https:\/\/ds.edu.sv\/wp-content\/uploads\/2025\/09\/3V6A8655-18x12.jpg 18w, https:\/\/ds.edu.sv\/wp-content\/uploads\/2025\/09\/3V6A8655-200x133.jpg 200w\" sizes=\"(max-width: 1024px) 100vw, 1024px\" \/><\/figure>\n\n\n\n<figure class=\"wp-block-image size-large\"><img loading=\"lazy\" decoding=\"async\" width=\"1024\" height=\"683\" data-id=\"10643\" src=\"https:\/\/ds.edu.sv\/wp-content\/uploads\/2025\/09\/3V6A8706-1024x683.jpg\" alt=\"\" class=\"wp-image-10643\" srcset=\"https:\/\/ds.edu.sv\/wp-content\/uploads\/2025\/09\/3V6A8706-1024x683.jpg 1024w, https:\/\/ds.edu.sv\/wp-content\/uploads\/2025\/09\/3V6A8706-300x200.jpg 300w, https:\/\/ds.edu.sv\/wp-content\/uploads\/2025\/09\/3V6A8706-768x512.jpg 768w, https:\/\/ds.edu.sv\/wp-content\/uploads\/2025\/09\/3V6A8706-1536x1024.jpg 1536w, https:\/\/ds.edu.sv\/wp-content\/uploads\/2025\/09\/3V6A8706-2048x1365.jpg 2048w, https:\/\/ds.edu.sv\/wp-content\/uploads\/2025\/09\/3V6A8706-18x12.jpg 18w, https:\/\/ds.edu.sv\/wp-content\/uploads\/2025\/09\/3V6A8706-200x133.jpg 200w\" sizes=\"(max-width: 1024px) 100vw, 1024px\" \/><\/figure>\n\n\n\n<figure class=\"wp-block-image size-large\"><img loading=\"lazy\" decoding=\"async\" width=\"1024\" height=\"683\" data-id=\"10645\" src=\"https:\/\/ds.edu.sv\/wp-content\/uploads\/2025\/09\/3V6A8986-1024x683.jpg\" alt=\"\" class=\"wp-image-10645\" srcset=\"https:\/\/ds.edu.sv\/wp-content\/uploads\/2025\/09\/3V6A8986-1024x683.jpg 1024w, https:\/\/ds.edu.sv\/wp-content\/uploads\/2025\/09\/3V6A8986-300x200.jpg 300w, https:\/\/ds.edu.sv\/wp-content\/uploads\/2025\/09\/3V6A8986-768x512.jpg 768w, https:\/\/ds.edu.sv\/wp-content\/uploads\/2025\/09\/3V6A8986-1536x1024.jpg 1536w, https:\/\/ds.edu.sv\/wp-content\/uploads\/2025\/09\/3V6A8986-2048x1365.jpg 2048w, https:\/\/ds.edu.sv\/wp-content\/uploads\/2025\/09\/3V6A8986-18x12.jpg 18w, https:\/\/ds.edu.sv\/wp-content\/uploads\/2025\/09\/3V6A8986-200x133.jpg 200w\" sizes=\"(max-width: 1024px) 100vw, 1024px\" \/><\/figure>\n\n\n\n<figure class=\"wp-block-image size-large\"><img loading=\"lazy\" decoding=\"async\" width=\"1024\" height=\"683\" data-id=\"10646\" src=\"https:\/\/ds.edu.sv\/wp-content\/uploads\/2025\/09\/3V6A9163-1024x683.jpg\" alt=\"\" class=\"wp-image-10646\" srcset=\"https:\/\/ds.edu.sv\/wp-content\/uploads\/2025\/09\/3V6A9163-1024x683.jpg 1024w, https:\/\/ds.edu.sv\/wp-content\/uploads\/2025\/09\/3V6A9163-300x200.jpg 300w, https:\/\/ds.edu.sv\/wp-content\/uploads\/2025\/09\/3V6A9163-768x512.jpg 768w, https:\/\/ds.edu.sv\/wp-content\/uploads\/2025\/09\/3V6A9163-1536x1024.jpg 1536w, https:\/\/ds.edu.sv\/wp-content\/uploads\/2025\/09\/3V6A9163-2048x1365.jpg 2048w, https:\/\/ds.edu.sv\/wp-content\/uploads\/2025\/09\/3V6A9163-18x12.jpg 18w, https:\/\/ds.edu.sv\/wp-content\/uploads\/2025\/09\/3V6A9163-200x133.jpg 200w\" sizes=\"(max-width: 1024px) 100vw, 1024px\" \/><\/figure>\n\n\n\n<figure class=\"wp-block-image size-large\"><img loading=\"lazy\" decoding=\"async\" width=\"1024\" height=\"683\" data-id=\"10648\" src=\"https:\/\/ds.edu.sv\/wp-content\/uploads\/2025\/09\/3V6A9223-1024x683.jpg\" alt=\"\" class=\"wp-image-10648\" srcset=\"https:\/\/ds.edu.sv\/wp-content\/uploads\/2025\/09\/3V6A9223-1024x683.jpg 1024w, https:\/\/ds.edu.sv\/wp-content\/uploads\/2025\/09\/3V6A9223-300x200.jpg 300w, https:\/\/ds.edu.sv\/wp-content\/uploads\/2025\/09\/3V6A9223-768x512.jpg 768w, https:\/\/ds.edu.sv\/wp-content\/uploads\/2025\/09\/3V6A9223-1536x1024.jpg 1536w, https:\/\/ds.edu.sv\/wp-content\/uploads\/2025\/09\/3V6A9223-2048x1365.jpg 2048w, https:\/\/ds.edu.sv\/wp-content\/uploads\/2025\/09\/3V6A9223-18x12.jpg 18w, https:\/\/ds.edu.sv\/wp-content\/uploads\/2025\/09\/3V6A9223-200x133.jpg 200w\" sizes=\"(max-width: 1024px) 100vw, 1024px\" \/><\/figure>\n\n\n\n<figure class=\"wp-block-image size-large\"><img loading=\"lazy\" decoding=\"async\" width=\"1024\" height=\"683\" data-id=\"10649\" src=\"https:\/\/ds.edu.sv\/wp-content\/uploads\/2025\/09\/3V6A9302-1024x683.jpg\" alt=\"\" class=\"wp-image-10649\" srcset=\"https:\/\/ds.edu.sv\/wp-content\/uploads\/2025\/09\/3V6A9302-1024x683.jpg 1024w, https:\/\/ds.edu.sv\/wp-content\/uploads\/2025\/09\/3V6A9302-300x200.jpg 300w, https:\/\/ds.edu.sv\/wp-content\/uploads\/2025\/09\/3V6A9302-768x512.jpg 768w, https:\/\/ds.edu.sv\/wp-content\/uploads\/2025\/09\/3V6A9302-1536x1024.jpg 1536w, https:\/\/ds.edu.sv\/wp-content\/uploads\/2025\/09\/3V6A9302-2048x1365.jpg 2048w, https:\/\/ds.edu.sv\/wp-content\/uploads\/2025\/09\/3V6A9302-18x12.jpg 18w, https:\/\/ds.edu.sv\/wp-content\/uploads\/2025\/09\/3V6A9302-200x133.jpg 200w\" sizes=\"(max-width: 1024px) 100vw, 1024px\" \/><\/figure>\n\n\n\n<figure class=\"wp-block-image size-large\"><img loading=\"lazy\" decoding=\"async\" width=\"1024\" height=\"683\" data-id=\"10650\" src=\"https:\/\/ds.edu.sv\/wp-content\/uploads\/2025\/09\/3V6A9562-1024x683.jpg\" alt=\"\" class=\"wp-image-10650\" srcset=\"https:\/\/ds.edu.sv\/wp-content\/uploads\/2025\/09\/3V6A9562-1024x683.jpg 1024w, https:\/\/ds.edu.sv\/wp-content\/uploads\/2025\/09\/3V6A9562-300x200.jpg 300w, https:\/\/ds.edu.sv\/wp-content\/uploads\/2025\/09\/3V6A9562-768x512.jpg 768w, https:\/\/ds.edu.sv\/wp-content\/uploads\/2025\/09\/3V6A9562-1536x1024.jpg 1536w, https:\/\/ds.edu.sv\/wp-content\/uploads\/2025\/09\/3V6A9562-2048x1365.jpg 2048w, https:\/\/ds.edu.sv\/wp-content\/uploads\/2025\/09\/3V6A9562-18x12.jpg 18w, https:\/\/ds.edu.sv\/wp-content\/uploads\/2025\/09\/3V6A9562-200x133.jpg 200w\" sizes=\"(max-width: 1024px) 100vw, 1024px\" \/><\/figure>\n\n\n\n<figure class=\"wp-block-image size-large\"><img loading=\"lazy\" decoding=\"async\" width=\"1024\" height=\"683\" data-id=\"10651\" src=\"https:\/\/ds.edu.sv\/wp-content\/uploads\/2025\/09\/3V6A9620-1024x683.jpg\" alt=\"\" class=\"wp-image-10651\" srcset=\"https:\/\/ds.edu.sv\/wp-content\/uploads\/2025\/09\/3V6A9620-1024x683.jpg 1024w, https:\/\/ds.edu.sv\/wp-content\/uploads\/2025\/09\/3V6A9620-300x200.jpg 300w, https:\/\/ds.edu.sv\/wp-content\/uploads\/2025\/09\/3V6A9620-768x512.jpg 768w, https:\/\/ds.edu.sv\/wp-content\/uploads\/2025\/09\/3V6A9620-1536x1024.jpg 1536w, https:\/\/ds.edu.sv\/wp-content\/uploads\/2025\/09\/3V6A9620-2048x1365.jpg 2048w, https:\/\/ds.edu.sv\/wp-content\/uploads\/2025\/09\/3V6A9620-18x12.jpg 18w, https:\/\/ds.edu.sv\/wp-content\/uploads\/2025\/09\/3V6A9620-200x133.jpg 200w\" sizes=\"(max-width: 1024px) 100vw, 1024px\" \/><\/figure>\n\n\n\n<figure class=\"wp-block-image size-large\"><img loading=\"lazy\" decoding=\"async\" width=\"1024\" height=\"683\" data-id=\"10644\" src=\"https:\/\/ds.edu.sv\/wp-content\/uploads\/2025\/09\/3V6A8938-1024x683.jpg\" alt=\"\" class=\"wp-image-10644\" srcset=\"https:\/\/ds.edu.sv\/wp-content\/uploads\/2025\/09\/3V6A8938-1024x683.jpg 1024w, https:\/\/ds.edu.sv\/wp-content\/uploads\/2025\/09\/3V6A8938-300x200.jpg 300w, https:\/\/ds.edu.sv\/wp-content\/uploads\/2025\/09\/3V6A8938-768x512.jpg 768w, https:\/\/ds.edu.sv\/wp-content\/uploads\/2025\/09\/3V6A8938-1536x1024.jpg 1536w, https:\/\/ds.edu.sv\/wp-content\/uploads\/2025\/09\/3V6A8938-2048x1365.jpg 2048w, https:\/\/ds.edu.sv\/wp-content\/uploads\/2025\/09\/3V6A8938-18x12.jpg 18w, https:\/\/ds.edu.sv\/wp-content\/uploads\/2025\/09\/3V6A8938-200x133.jpg 200w\" sizes=\"(max-width: 1024px) 100vw, 1024px\" \/><\/figure>\n<\/figure>","protected":false},"excerpt":{"rendered":"<p>El mes c\u00edvico comenz\u00f3 en nuestra escuela con actividades que honran los s\u00edmbolos patrios y celebran nuestra identidad cultural.<\/p>","protected":false},"author":17,"featured_media":10417,"comment_status":"closed","ping_status":"","sticky":false,"template":"","format":"standard","meta":{"_acf_changed":false,"_monsterinsights_skip_tracking":false,"_monsterinsights_sitenote_active":false,"_monsterinsights_sitenote_note":"","_monsterinsights_sitenote_category":0,"_uf_show_specific_survey":0,"_uf_disable_surveys":false,"footnotes":""},"categories":[54],"tags":[],"class_list":["post-10411","post","type-post","status-publish","format-standard","has-post-thumbnail","hentry","category-ds-san-salvador"],"acf":[],"_links":{"self":[{"href":"https:\/\/ds.edu.sv\/de\/wp-json\/wp\/v2\/posts\/10411","targetHints":{"allow":["GET"]}}],"collection":[{"href":"https:\/\/ds.edu.sv\/de\/wp-json\/wp\/v2\/posts"}],"about":[{"href":"https:\/\/ds.edu.sv\/de\/wp-json\/wp\/v2\/types\/post"}],"author":[{"embeddable":true,"href":"https:\/\/ds.edu.sv\/de\/wp-json\/wp\/v2\/users\/17"}],"replies":[{"embeddable":true,"href":"https:\/\/ds.edu.sv\/de\/wp-json\/wp\/v2\/comments?post=10411"}],"version-history":[{"count":2,"href":"https:\/\/ds.edu.sv\/de\/wp-json\/wp\/v2\/posts\/10411\/revisions"}],"predecessor-version":[{"id":10653,"href":"https:\/\/ds.edu.sv\/de\/wp-json\/wp\/v2\/posts\/10411\/revisions\/10653"}],"wp:featuredmedia":[{"embeddable":true,"href":"https:\/\/ds.edu.sv\/de\/wp-json\/wp\/v2\/media\/10417"}],"wp:attachment":[{"href":"https:\/\/ds.edu.sv\/de\/wp-json\/wp\/v2\/media?parent=10411"}],"wp:term":[{"taxonomy":"category","embeddable":true,"href":"https:\/\/ds.edu.sv\/de\/wp-json\/wp\/v2\/categories?post=10411"},{"taxonomy":"post_tag","embeddable":true,"href":"https:\/\/ds.edu.sv\/de\/wp-json\/wp\/v2\/tags?post=10411"}],"curies":[{"name":"wp","href":"https:\/\/api.w.org\/{rel}","templated":true}]}}